{"id":12,"date":"2018-05-27T15:39:41","date_gmt":"2018-05-27T15:39:41","guid":{"rendered":"http:\/\/www.wei.nu\/?p=12"},"modified":"2021-09-18T18:39:33","modified_gmt":"2021-09-18T18:39:33","slug":"dags-att-forandra-inredningen-dar-hemma","status":"publish","type":"post","link":"http:\/\/www.wei.nu\/?p=12","title":{"rendered":"Dags att f\u00f6r\u00e4ndra inredningen d\u00e4r hemma"},"content":{"rendered":"<p>Jag k\u00e4nner mig st\u00e4ndigt tvungen att f\u00f6r\u00e4ndra n\u00e5got i hemmet, jag blir aldrig n\u00f6jd med inredningen och b\u00f6rjar n\u00e4stan tro att jag b\u00f6rjar bli sm\u00e5tt manisk. Jag hade planerat en storst\u00e4dning av garaget inf\u00f6r sommaren och nu \u00e4r det snart juni och ingenting f\u00e5r man gjort som man t\u00e4nkt sig. Jag k\u00e4nde mig oerh\u00f6rt frustruerad f\u00f6rra veckan \u00f6ver tanken att garaget skulle forts\u00e4ttningvis se ut som en enda stor r\u00f6ra, att jag b\u00f6rjade st\u00e4da ut allt skr\u00e4p mitt i sommarv\u00e4rmen, p\u00e5 en l\u00f6rdag dessutom. Klockan var tre p\u00e5 eftermiddagen och jag var helt genomsvettig och n\u00e4stan gr\u00e5tf\u00e4rdig men trots det lyckades jag bli f\u00e4rdig med st\u00e4dningen! Som ni f\u00f6rst\u00e5r, om ni kan l\u00e4sa mellan raderna, s\u00e5 \u00e4r jag v\u00e4ldigt stolt \u00f6ver att jag klarade detta trots att temperatursm\u00e4tare visade 25C. Nu v\u00e4ntade det roliga, att skaffa ny led belysning i taket och vid garageuppfarten.<\/p>\n<h2>Sv\u00e5rt val mellan led panel och lysr\u00f6r lampor<\/h2>\n<p>Jag hade f\u00f6rst best\u00e4mt mig f\u00f6r vilka lampor som skulle installeras i taket men \u00e4ndrade mig ganska snabbt efter att jag samtalat med ansvarig s\u00e4ljare hos Svealight. En led lampa sparar mycket energi och ger ett avsev\u00e4rt b\u00e4ttre ljus s\u00e5 valet var enkelt n\u00e4r jag valde mellan l\u00e5genergi och led belysning. Jag var ursprungligtvis inst\u00e4lld p\u00e5 led lysr\u00f6r 120 cm men ins\u00e5g att det f\u00f6rmodligen vore smartare att s\u00e4tta upp tolv stycken paneler. N\u00e4r jag skriver paneler s\u00e5 menar jag f\u00f6rst\u00e5s led panel som \u00e4r en elegant ljusk\u00e4lla som \u00e4r b\u00e5de snygg och funktionell p\u00e5 samma g\u00e5ng. Enda nackdelen med led panel belysning \u00e4r att dom inte lika enkelt kan bytas ut och \u00e4r lite mer omst\u00e4ndiga att montera. Led lysr\u00f6r \u00e4r inte snyggt men funktionellt, och relativt billigt. Jag hann inte med garageuppfarten denna g\u00e5ng men det f\u00e5r bli av efter sommaren ist\u00e4llet.<\/p>\n","protected":false},"excerpt":{"rendered":"<p>Jag k\u00e4nner mig st\u00e4ndigt tvungen att f\u00f6r\u00e4ndra n\u00e5got i hemmet, jag blir aldrig n\u00f6jd med inredningen och b\u00f6rjar n\u00e4stan tro att jag b\u00f6rjar bli sm\u00e5tt manisk. Jag hade planerat en storst\u00e4dning av garaget inf\u00f6r sommaren och nu \u00e4r det snart juni och ingenting f\u00e5r man gjort som man t\u00e4nkt sig. Jag k\u00e4nde mig oerh\u00f6rt frustruerad f\u00f6rra veckan \u00f6ver tanken att garaget skulle forts\u00e4ttningvis se ut som en enda stor r\u00f6ra, att jag b\u00f6rjade st\u00e4da ut allt skr\u00e4p mitt i sommarv\u00e4rmen, p\u00e5 en l\u00f6rdag dessutom. Klockan var tre p\u00e5 eftermiddagen och jag var helt genomsvettig och n\u00e4stan gr\u00e5tf\u00e4rdig men trots det lyckades jag bli f\u00e4rdig med st\u00e4dningen! Som ni f\u00f6rst\u00e5r, om ni kan l\u00e4sa mellan raderna, s\u00e5 \u00e4r jag v\u00e4ldigt stolt \u00f6ver att jag klarade detta trots att temperatursm\u00e4tare visade 25C. Nu v\u00e4ntade det roliga, att skaffa ny led belysning i taket och vid garageuppfarten. Sv\u00e5rt val mellan led panel och lysr\u00f6r lampor Jag hade f\u00f6rst best\u00e4mt mig f\u00f6r vilka lampor som skulle installeras i taket men \u00e4ndrade mig ganska snabbt efter att jag samtalat med ansvarig s\u00e4ljare hos Svealight. En led lampa sparar mycket energi och ger ett avsev\u00e4rt b\u00e4ttre ljus s\u00e5 valet var enkelt n\u00e4r jag valde mellan l\u00e5genergi och led belysning. Jag var ursprungligtvis inst\u00e4lld p\u00e5 led lysr\u00f6r 120 cm men ins\u00e5g att det f\u00f6rmodligen vore smartare att s\u00e4tta upp tolv stycken paneler. N\u00e4r jag skriver paneler s\u00e5 menar jag f\u00f6rst\u00e5s led panel som \u00e4r en elegant ljusk\u00e4lla som \u00e4r b\u00e5de snygg och funktionell p\u00e5 samma g\u00e5ng. Enda nackdelen med led panel belysning \u00e4r att dom inte lika enkelt kan bytas ut och \u00e4r lite mer omst\u00e4ndiga att montera. Led lysr\u00f6r \u00e4r inte snyggt men funktionellt, och relativt billigt. Jag hann inte med garageuppfarten denna g\u00e5ng men det f\u00e5r bli av efter sommaren ist\u00e4llet.<\/p>\n","protected":false},"author":1,"featured_media":13,"comment_status":"open","ping_status":"open","sticky":false,"template":"","format":"standard","meta":{"footnotes":""},"categories":[4],"tags":[],"_links":{"self":[{"href":"http:\/\/www.wei.nu\/index.php?rest_route=\/wp\/v2\/posts\/12"}],"collection":[{"href":"http:\/\/www.wei.nu\/index.php?rest_route=\/wp\/v2\/posts"}],"about":[{"href":"http:\/\/www.wei.nu\/index.php?rest_route=\/wp\/v2\/types\/post"}],"author":[{"embeddable":true,"href":"http:\/\/www.wei.nu\/index.php?rest_route=\/wp\/v2\/users\/1"}],"replies":[{"embeddable":true,"href":"http:\/\/www.wei.nu\/index.php?rest_route=%2Fwp%2Fv2%2Fcomments&post=12"}],"version-history":[{"count":2,"href":"http:\/\/www.wei.nu\/index.php?rest_route=\/wp\/v2\/posts\/12\/revisions"}],"predecessor-version":[{"id":17,"href":"http:\/\/www.wei.nu\/index.php?rest_route=\/wp\/v2\/posts\/12\/revisions\/17"}],"wp:featuredmedia":[{"embeddable":true,"href":"http:\/\/www.wei.nu\/index.php?rest_route=\/wp\/v2\/media\/13"}],"wp:attachment":[{"href":"http:\/\/www.wei.nu\/index.php?rest_route=%2Fwp%2Fv2%2Fmedia&parent=12"}],"wp:term":[{"taxonomy":"category","embeddable":true,"href":"http:\/\/www.wei.nu\/index.php?rest_route=%2Fwp%2Fv2%2Fcategories&post=12"},{"taxonomy":"post_tag","embeddable":true,"href":"http:\/\/www.wei.nu\/index.php?rest_route=%2Fwp%2Fv2%2Ftags&post=12"}],"curies":[{"name":"wp","href":"https:\/\/api.w.org\/{rel}","templated":true}]}}