{"id":18,"date":"2021-09-18T19:05:58","date_gmt":"2021-09-18T19:05:58","guid":{"rendered":"https:\/\/www.wei.nu\/?p=18"},"modified":"2021-09-18T19:06:55","modified_gmt":"2021-09-18T19:06:55","slug":"nya-lampor-till-morgans-volvo-bm-traktor","status":"publish","type":"post","link":"http:\/\/www.wei.nu\/?p=18","title":{"rendered":"Nya lampor till Morgans Volvo BM traktor"},"content":{"rendered":"<p>F\u00f6rst och fr\u00e4mst vill jag p\u00e5b\u00f6rja mitt inl\u00e4gg med att be om urs\u00e4kt till mina l\u00e4sare, det har varit v\u00e4ldigt mycket den senaste tiden m\u00e5ste jag erk\u00e4nna. Det \u00e4r om\u00f6jligt att hinna med sig sj\u00e4lv f\u00f6r tillf\u00e4llet men nu t\u00e4nkte jag \u00e4nd\u00e5 f\u00f6rs\u00f6ka uppdatera er med lite nyheter, s\u00e5 h\u00e5ll i er nu!<\/p>\n<p>Nu \u00e4r det l\u00e5ng tid till n\u00e4sta planerade semester och f\u00f6r att inte bli alltf\u00f6r deprimerad s\u00e5 har jag tr\u00f6stk\u00f6pt lite lampor till Morgans traktor. Tanken \u00e4r att f\u00f6rhoppningsvis g\u00f6ra honom och d\u00e4rigenom mig sj\u00e4lv glad, lite konstigt kan man tycka, men s\u00e5 funkar jag. Hans gamla Volvo BM beh\u00f6vde nya lysen efter att halogen lamporna b\u00f6rjat slockna, en efter en. Halogen alstrar mycket v\u00e4rme vilket \u00e4r positivt n\u00e4r det blir kallt p\u00e5 vintern och finns risk f\u00f6r isbildning. Nackdelen \u00e4r dock livsl\u00e4ngden, den f\u00f6r\u00e5ldrade halogenlampan h\u00e5ller inte s\u00e4rskilt l\u00e4nge. Jag valde att best\u00e4lla <a href=\"https:\/\/ljusgiganten.se\/led-arbetsbelysning\">arbetslampor<\/a> med led och nu b\u00f6r hans BM maskin klara sig minst ett par \u00e5r kan man tycka. Det \u00e4r en speciell k\u00e4nsla att k\u00f6ra traktor, n\u00e5got som storstadsm\u00e4nniskan nog inte f\u00f6rst\u00e5r sig p\u00e5. F\u00f6r dig som \u00e4r i behov av belysning till fordonet, vare sig det r\u00f6r sig om en traktor eller personbil s\u00e5 tycker jag <a href=\"https:\/\/ljusgiganten.se\/\">Ljusgiganten.se<\/a> \u00e4r en av b\u00e4ttre butikerna b\u00e5de vad g\u00e4ller pris och utbud. Supporten \u00e4r l\u00e4tt att n\u00e5 via telefon eller mejl och finns alltid n\u00e4ra till hands. Det finns m\u00e5nga andra butiker ocks\u00e5 men h\u00e4r brukar jag handla min fordonsbelysning f\u00f6r er som \u00e4r nyfikna.<\/p>\n","protected":false},"excerpt":{"rendered":"<p>F\u00f6rst och fr\u00e4mst vill jag p\u00e5b\u00f6rja mitt inl\u00e4gg med att be om urs\u00e4kt till mina l\u00e4sare, det har varit v\u00e4ldigt mycket den senaste tiden m\u00e5ste jag erk\u00e4nna. Det \u00e4r om\u00f6jligt att hinna med sig sj\u00e4lv f\u00f6r tillf\u00e4llet men nu t\u00e4nkte jag \u00e4nd\u00e5 f\u00f6rs\u00f6ka uppdatera er med lite nyheter, s\u00e5 h\u00e5ll i er nu! Nu \u00e4r det l\u00e5ng tid till n\u00e4sta planerade semester och f\u00f6r att inte bli alltf\u00f6r deprimerad s\u00e5 har jag tr\u00f6stk\u00f6pt lite lampor till Morgans traktor. Tanken \u00e4r att f\u00f6rhoppningsvis g\u00f6ra honom och d\u00e4rigenom mig sj\u00e4lv glad, lite konstigt kan man tycka, men s\u00e5 funkar jag. Hans gamla Volvo BM beh\u00f6vde nya lysen efter att halogen lamporna b\u00f6rjat slockna, en efter en. Halogen alstrar mycket v\u00e4rme vilket \u00e4r positivt n\u00e4r det blir kallt p\u00e5 vintern och finns risk f\u00f6r isbildning. Nackdelen \u00e4r dock livsl\u00e4ngden, den f\u00f6r\u00e5ldrade halogenlampan h\u00e5ller inte s\u00e4rskilt l\u00e4nge. Jag valde att best\u00e4lla arbetslampor med led och nu b\u00f6r hans BM maskin klara sig minst ett par \u00e5r kan man tycka. Det \u00e4r en speciell k\u00e4nsla att k\u00f6ra traktor, n\u00e5got som storstadsm\u00e4nniskan nog inte f\u00f6rst\u00e5r sig p\u00e5. F\u00f6r dig som \u00e4r i behov av belysning till fordonet, vare sig det r\u00f6r sig om en traktor eller personbil s\u00e5 tycker jag Ljusgiganten.se \u00e4r en av b\u00e4ttre butikerna b\u00e5de vad g\u00e4ller pris och utbud. Supporten \u00e4r l\u00e4tt att n\u00e5 via telefon eller mejl och finns alltid n\u00e4ra till hands. Det finns m\u00e5nga andra butiker ocks\u00e5 men h\u00e4r brukar jag handla min fordonsbelysning f\u00f6r er som \u00e4r nyfikna.<\/p>\n","protected":false},"author":1,"featured_media":19,"comment_status":"closed","ping_status":"open","sticky":false,"template":"","format":"standard","meta":{"footnotes":""},"categories":[5],"tags":[],"_links":{"self":[{"href":"http:\/\/www.wei.nu\/index.php?rest_route=\/wp\/v2\/posts\/18"}],"collection":[{"href":"http:\/\/www.wei.nu\/index.php?rest_route=\/wp\/v2\/posts"}],"about":[{"href":"http:\/\/www.wei.nu\/index.php?rest_route=\/wp\/v2\/types\/post"}],"author":[{"embeddable":true,"href":"http:\/\/www.wei.nu\/index.php?rest_route=\/wp\/v2\/users\/1"}],"replies":[{"embeddable":true,"href":"http:\/\/www.wei.nu\/index.php?rest_route=%2Fwp%2Fv2%2Fcomments&post=18"}],"version-history":[{"count":2,"href":"http:\/\/www.wei.nu\/index.php?rest_route=\/wp\/v2\/posts\/18\/revisions"}],"predecessor-version":[{"id":21,"href":"http:\/\/www.wei.nu\/index.php?rest_route=\/wp\/v2\/posts\/18\/revisions\/21"}],"wp:featuredmedia":[{"embeddable":true,"href":"http:\/\/www.wei.nu\/index.php?rest_route=\/wp\/v2\/media\/19"}],"wp:attachment":[{"href":"http:\/\/www.wei.nu\/index.php?rest_route=%2Fwp%2Fv2%2Fmedia&parent=18"}],"wp:term":[{"taxonomy":"category","embeddable":true,"href":"http:\/\/www.wei.nu\/index.php?rest_route=%2Fwp%2Fv2%2Fcategories&post=18"},{"taxonomy":"post_tag","embeddable":true,"href":"http:\/\/www.wei.nu\/index.php?rest_route=%2Fwp%2Fv2%2Ftags&post=18"}],"curies":[{"name":"wp","href":"https:\/\/api.w.org\/{rel}","templated":true}]}}